{"id":3108,"date":"2023-11-29T22:19:18","date_gmt":"2023-11-29T21:19:18","guid":{"rendered":"https:\/\/j-mad.com\/blog\/?p=3108"},"modified":"2023-11-29T22:20:03","modified_gmt":"2023-11-29T21:20:03","slug":"la-justice-de-lancillaire-les-chroniques-du-radch-tome-1","status":"publish","type":"post","link":"https:\/\/j-mad.com\/blog\/2023\/11\/29\/la-justice-de-lancillaire-les-chroniques-du-radch-tome-1\/","title":{"rendered":"La justice de l&#8217;ancillaire, Les chroniques du Radch &#8211; Tome 1"},"content":{"rendered":"\n<div class=\"wp-block-columns is-layout-flex wp-container-core-columns-is-layout-9d6595d7 wp-block-columns-is-layout-flex\">\n<div class=\"wp-block-column is-layout-flow wp-block-column-is-layout-flow\" style=\"flex-basis:33.33%\">\n<figure class=\"wp-block-image size-large\"><img loading=\"lazy\" decoding=\"async\" width=\"768\" height=\"1024\" src=\"https:\/\/j-mad.com\/blog\/wp-content\/uploads\/2023\/11\/2023-11-28-22.16.10-768x1024.jpg\" alt=\"\" class=\"wp-image-3109\" srcset=\"https:\/\/j-mad.com\/blog\/wp-content\/uploads\/2023\/11\/2023-11-28-22.16.10-768x1024.jpg 768w, https:\/\/j-mad.com\/blog\/wp-content\/uploads\/2023\/11\/2023-11-28-22.16.10-225x300.jpg 225w, https:\/\/j-mad.com\/blog\/wp-content\/uploads\/2023\/11\/2023-11-28-22.16.10-113x150.jpg 113w, https:\/\/j-mad.com\/blog\/wp-content\/uploads\/2023\/11\/2023-11-28-22.16.10-1152x1536.jpg 1152w, https:\/\/j-mad.com\/blog\/wp-content\/uploads\/2023\/11\/2023-11-28-22.16.10-1536x2048.jpg 1536w, https:\/\/j-mad.com\/blog\/wp-content\/uploads\/2023\/11\/2023-11-28-22.16.10-scaled.jpg 1920w\" sizes=\"auto, (max-width: 768px) 100vw, 768px\" \/><\/figure>\n<\/div>\n\n\n\n<div class=\"wp-block-column is-layout-flow wp-block-column-is-layout-flow\" style=\"flex-basis:66.66%\">\n<p><br>Autrice : <strong><em>Anne Leckie<\/em><\/strong><\/p>\n\n\n\n<p>&#x1f4d6;\u00a0 Pr\u00e9sentation \/ R\u00e9sum\u00e9 :\u00a0 L&#8217;empire du <em>Radchaa\u00ef<\/em>; dirig\u00e9e par <em>Anaander Mianaa\u00ef<\/em>, la Ma\u00eetre du <em>Radch<\/em>; s&#8217;\u00e9tend d&#8217;un bout \u00e0 l&#8217;autre de la galaxie, apportant la civilisation annexion apr\u00e8s annexion. Cette extension sans fin ce sont les IA des vaisseaux de guerre qui la rende possible.\u00a0 Contr\u00f4lant \u00e0 la fois des b\u00e2timents spatiaux \u00e0 l&#8217;\u00e9norme puissance de feu et des hordes d&#8217;ancillaires, pantins de chair, habitants malchanceux des conqu\u00eates pr\u00e9c\u00e9dentes dont la conscience a \u00e9t\u00e9 d\u00e9truite, elles sont le bras arm\u00e9 de l&#8217;empire. Et pourtant, l&#8217;un de ces vaisseaux, le <em>Justice de Toren<\/em> est d\u00e9truit. Son IA en r\u00e9chappe, s&#8217;incarnant dans le corps d&#8217;un ancillaire, unique rescap\u00e9e de l&#8217;explosion du vaisseau. Ce tome 1 m\u00eale deux r\u00e9cits, l&#8217;un sous forme de flashback raconte les faits qui ont conduit \u00e0 la destruction du <em>Justice de Toren<\/em>. L&#8217;autre se passe 19 ans apr\u00e8s et raconte le parcours de l&#8217;ancillaire survivant.<\/p>\n\n\n\n<p>&#x1f399;&#xfe0f;Avis : La lecture des premi\u00e8res pages a de quoi surprendre. La civilisation du <em>Radch<\/em> ne fait pas de distinction de genre. Le personnage principal genre par d\u00e9faut toutes les personnes au f\u00e9minin. &#8220;La cousin&#8221;, &#8220;quelqu&#8217;une&#8221;, autant de mot qui peuvent surprendre. On accroche ou on accroche pas. Perso, j&#8217;ai accroch\u00e9, notant tout au long de ma lecture les modifications sur mes repr\u00e9sentations mentales que ce parti pris d&#8217;\u00e9criture entrainait. En effet, certains personnage sont masculins on le sait dans l&#8217;histoire, mais la narration au f\u00e9minin a eu comme cons\u00e9quence de f\u00e9miniser les repr\u00e9sentations mentales que je m&#8217;en faisais. Le rythme est plut\u00f4t lent. Le r\u00e9cit s&#8217;acc\u00e9l\u00e8re dans le dernier cinqui\u00e8me mais on reste sur un premier tome de trilogie, une pr\u00e9sentation de l&#8217;univers et des personnages, des descriptions, des sc\u00e8nes de vie. Les choses prennent leur temps. Et l\u00e0 encore \u00e7a m&#8217;allait bien, mais \u00e7a peut ennuyer.<\/p>\n\n\n\n<p>&#x1f4cc; TL;DR : &#x1f970;\u00a0 Encore une fois, j&#8217;ai beaucoup aim\u00e9 cette lecture (au point de finir le premier tome \u00e0 une heure tr\u00e8s tr\u00e8s tardive). J&#8217;ai accroch\u00e9 \u00e0 l&#8217;utilisation du f\u00e9minin partout, au rythme lent, au th\u00e8me de la dissociation de l&#8217;esprit dans plusieurs corps. Je ne peux donc que vous le conseiller. Et je suis tr\u00e8s impatient de lire la suite.<br><\/p>\n<\/div>\n<\/div>\n\n\n\n<p><\/p>\n\n\n\n<p><\/p>\n","protected":false},"excerpt":{"rendered":"<p>Autrice : Anne Leckie &#x1f4d6;\u00a0 Pr\u00e9sentation \/ R\u00e9sum\u00e9 :\u00a0 L&#8217;empire du Radchaa\u00ef; dirig\u00e9e par Anaander Mianaa\u00ef, la Ma\u00eetre du Radch; s&#8217;\u00e9tend d&#8217;un bout \u00e0 l&#8217;autre de la galaxie, apportant la civilisation annexion apr\u00e8s annexion. Cette extension sans fin ce sont les IA des vaisseaux de guerre qui la rende possible.\u00a0 Contr\u00f4lant \u00e0 la fois des &hellip; <a href=\"https:\/\/j-mad.com\/blog\/2023\/11\/29\/la-justice-de-lancillaire-les-chroniques-du-radch-tome-1\/\" class=\"more-link\">Continue reading <span class=\"screen-reader-text\">La justice de l&#8217;ancillaire, Les chroniques du Radch &#8211; Tome 1<\/span><\/a><\/p>\n","protected":false},"author":1,"featured_media":0,"comment_status":"open","ping_status":"open","sticky":false,"template":"","format":"standard","meta":{"jetpack_post_was_ever_published":false,"_jetpack_newsletter_access":"","_jetpack_dont_email_post_to_subs":false,"_jetpack_newsletter_tier_id":0,"_jetpack_memberships_contains_paywalled_content":false,"_jetpack_memberships_contains_paid_content":false,"footnotes":"","jetpack_publicize_message":"","jetpack_publicize_feature_enabled":true,"jetpack_social_post_already_shared":true,"jetpack_social_options":{"image_generator_settings":{"template":"highway","default_image_id":0,"font":"","enabled":false},"version":2}},"categories":[55],"tags":[56,108,24],"class_list":["post-3108","post","type-post","status-publish","format-standard","hentry","category-critiques-de-bouquins","tag-bouquin","tag-microcritique","tag-review"],"aioseo_notices":[],"jetpack_publicize_connections":[],"jetpack_featured_media_url":"","jetpack_shortlink":"https:\/\/wp.me\/p12cdp-O8","jetpack_sharing_enabled":true,"_links":{"self":[{"href":"https:\/\/j-mad.com\/blog\/wp-json\/wp\/v2\/posts\/3108","targetHints":{"allow":["GET"]}}],"collection":[{"href":"https:\/\/j-mad.com\/blog\/wp-json\/wp\/v2\/posts"}],"about":[{"href":"https:\/\/j-mad.com\/blog\/wp-json\/wp\/v2\/types\/post"}],"author":[{"embeddable":true,"href":"https:\/\/j-mad.com\/blog\/wp-json\/wp\/v2\/users\/1"}],"replies":[{"embeddable":true,"href":"https:\/\/j-mad.com\/blog\/wp-json\/wp\/v2\/comments?post=3108"}],"version-history":[{"count":2,"href":"https:\/\/j-mad.com\/blog\/wp-json\/wp\/v2\/posts\/3108\/revisions"}],"predecessor-version":[{"id":3112,"href":"https:\/\/j-mad.com\/blog\/wp-json\/wp\/v2\/posts\/3108\/revisions\/3112"}],"wp:attachment":[{"href":"https:\/\/j-mad.com\/blog\/wp-json\/wp\/v2\/media?parent=3108"}],"wp:term":[{"taxonomy":"category","embeddable":true,"href":"https:\/\/j-mad.com\/blog\/wp-json\/wp\/v2\/categories?post=3108"},{"taxonomy":"post_tag","embeddable":true,"href":"https:\/\/j-mad.com\/blog\/wp-json\/wp\/v2\/tags?post=3108"}],"curies":[{"name":"wp","href":"https:\/\/api.w.org\/{rel}","templated":true}]}}