{"id":3027,"date":"2023-05-07T17:09:40","date_gmt":"2023-05-07T15:09:40","guid":{"rendered":"https:\/\/j-mad.com\/blog\/?p=3027"},"modified":"2023-05-07T17:09:42","modified_gmt":"2023-05-07T15:09:42","slug":"les-trucs-de-mars-2023","status":"publish","type":"post","link":"https:\/\/j-mad.com\/blog\/2023\/05\/07\/les-trucs-de-mars-2023\/","title":{"rendered":"Les trucs de Mars 2023"},"content":{"rendered":"\n<p>Mars. C\u2019est la fin de l\u2019hiver, le retour du printemps. Pas mal de d\u00e9placement boulot, de boulot tout court. Mais j\u2019ai eu l\u2019occasion de repasser par Rennes et Nantes. Et m\u00eame si c\u2019\u00e9tait en coup de vent, c\u2019\u00e9tait cool quand m\u00eame.<\/p>\n\n\n\n<h2 class=\"wp-block-heading\">Les trucs que j\u2019ai lus.<\/h2>\n\n\n\n<p>Niveau lecture le mois de mars est moins fourni que les deux pr\u00e9c\u00e9dents, tout d\u2019abord parce que j\u2019ai eu clairement moins de temps et ensuite parce que je me suis lanc\u00e9 dans l\u2019int\u00e9grale de la <em><strong>Trilogie Loredan<\/strong><\/em>. Et que j\u2019ai eu du mal. J\u2019ai d\u2019ailleurs r\u00e9ussi \u00e0 finir le premier tome (<em><strong>Les couleurs de l\u2019acier<\/strong><\/em>) qui n\u2019est d\u2019ailleurs pas si mal, juste je n\u2019ai pas trop accroch\u00e9, mais le deuxi\u00e8me tome, <em><strong>Le ventre de l\u2019arc<\/strong><\/em>, j\u2019ai gal\u00e9r\u00e9 pendant deux semaines pour avancer et j\u2019ai fini, d\u00e9but avril par abandonner. Ce n\u2019est juste pas un bouquin pour moi. \u00c0 part ces deux bouquins, j\u2019ai lu le tome 10 des carnets de l\u2019apothicaire, une s\u00e9rie que je continue \u00e0 vraiment appr\u00e9cier et j\u2019ai d\u00e9vor\u00e9 <strong><em>les illusions de Sav-Loar<\/em><\/strong> de <em><strong>Manon Fargetton<\/strong><\/em>.<\/p>\n\n\n\n<p>Alors par contre, attention, <em><strong>les illusions de Sav-Loar<\/strong><\/em> est normalement un tome 2, celui du cycle d\u2019Ombre, le tome 1 \u00e9tant <strong><em>L\u2019h\u00e9ritage des Rois-Passeurs<\/em><\/strong>. Bon de mon c\u00f4t\u00e9, je n\u2019avais pas lu le tome 1 et \u00e0 aucun moment je n\u2019ai eu de probl\u00e8me. J\u2019ai s\u00fbrement d\u00fb louper un peu de contexte, mais <strong><em>les illusions de Sav-Loar<\/em><\/strong> se tient tr\u00e8s bien tout seul, en tant que one-shot.<\/p>\n\n\n\n<p>Ombre est un monde o\u00f9 les femmes qui poss\u00e8dent le don de magie sont chass\u00e9es et mises \u00e0 mort par les magiciens. Leur seul espoir est de r\u00e9ussir \u00e0 atteindre Sav-Loar la l\u00e9gendaire cit\u00e9 des magiciennes.<\/p>\n\n\n\n<p>Dans <strong><em>les illusions de Sav-Loar<\/em><\/strong>, on suit les aventures d\u2019un groupe de personnages qui se retrouvent tous en captivit\u00e9, esclave d\u2019un seigneur sadique et qui risquent tout pour sauver l\u2019une d\u2019entre eux. Le groupe se morcelle parfois, puis se retrouve, le livre conte le devenir de chacun des personnages de d\u00e9part ainsi que de certains antagonistes.<\/p>\n\n\n\n<p>Les quasi 900 pages sur lesquelles se d\u00e9roule l\u2019histoire ne se ressentent pas une seule fois (ce qui ne fut pas le cas de toutes mes lectures du mois de Mars). Le monde d\u2019Ombre fourmille de d\u00e9tails, de belles id\u00e9es, de peuples et de cultures diff\u00e9rentes. Le syst\u00e8me de magie est vraiment tr\u00e8s original et tr\u00e8s bien d\u00e9crit (On pourrait croire lire du Sanderson, si \u00e7a ce n\u2019est pas un compliment). Et cela sans m\u00eame parler de la sp\u00e9cificit\u00e9 de la magie quand elle utilis\u00e9e par les magiciennes.<\/p>\n\n\n\n<p>Bref, un vrai coup de c\u0153ur que je vous conseille (mais peut \u00eatre ferriez-vous mieux de commencer par le tome 1). Quand \u00e0 moi je vais s\u00fbrement ajouter <strong><em>Manon Fargetton<\/em><\/strong> dans la liste des autrices\/auteurs dont j\u2019ai envie de d\u00e9couvrir d\u2019autres \u00e9crits.<\/p>\n\n\n\n<h2 class=\"wp-block-heading\">Les jeux<\/h2>\n\n\n\n<p><em><strong>Valheim<\/strong><\/em>. Je voulais pouvoir explorer les terres brumeuses. Mais ce fichu boss des plaines \u00e9tait invincible. J\u2019ai fini par craquer. J\u2019ai install\u00e9 des mods, je suis pass\u00e9 en god mode et je me suis occup\u00e9 du Boss. Enfin les terres brumeuses\u00a0!<\/p>\n\n\n\n<p>Bon du coup, comme j\u2019ai repris <strong><em>Valheim<\/em><\/strong>, j\u2019ai quasi compl\u00e8tement l\u00e2ch\u00e9 <em><strong>Conan Exiles<\/strong><\/em>. J\u2019y retournerais s\u00fbrement parce que j\u2019ai vraiment trop peu explor\u00e9 le jeu et que j\u2019ai envie de savoir \u2026<\/p>\n\n\n\n<p><strong><em>Potion Craft<\/em><\/strong> a fait son apparition dans le Gamepass. Je l\u2019avais test\u00e9 en d\u00e9mo steam et je l\u2019avais en wishlist depuis sa sortie. Une aubaine pour moi. J\u2019aime beaucoup ce tr\u00e8s joli jeu o\u00f9 l\u2019on joue un herboriste qui confectionne diff\u00e9rentes potions pour ses clients. On ramasse des plantes, on broie, on touille, on fait des m\u00e9langes, on d\u00e9couvre des recettes. <em><strong>Potion Craft<\/strong><\/em> permet de faire de petites sessions de jeux reposantes.<\/p>\n\n\n\n<p><strong><em>Diablo 4<\/em><\/strong>. J\u2019ai failli louper le week-end de beta ouverte pour <em><strong>Diablo 4<\/strong><\/em>. Je m\u2019en suis souvenu en en parlant avec un pote le dimanche matin. J\u2019ai tout de m\u00eame pu y jouer 5 ou 6 heures. Et j\u2019aime beaucoup. D\u00e9j\u00e0 parce qu\u2019il y a une classe que j\u2019adore, voleuse. Ensuite parce qu\u2019on retourne a un jeu plus sombre, plus crade, un mix entre warhammer fantasy et la compagnie noire. Certains niveaux sont vraiment vraiment crade, limite un peu gore \/ horrifique. Le prologue est vraiment cool, tr\u00e8s narratif. Donc oui, j\u2019ai beaucoup aim\u00e9. Et j\u2019y jouerais s\u00fbrement directement \u00e0 sa sortie m\u00eame si le prix fait un peu chier. Et si leur histoire de season pass me fait un peu peur.<\/p>\n\n\n\n<h2 class=\"wp-block-heading\">Films et s\u00e9ries<\/h2>\n\n\n\n<p>Beaucoup de d\u00e9placement, c\u2019est beaucoup de trajet de train. Et dans le train c\u2019est boulot, sieste et vid\u00e9os.<\/p>\n\n\n\n<p>En s\u00e9rie, j\u2019ai regard\u00e9 la totalit\u00e9 de la s\u00e9rie <em><strong>The Night Agent<\/strong><\/em> sur netflix. Thriller \/ espionnage \/ ce que vous voulez. C\u2019est efficace, \u00e7a se regarde bien dans un train ou un soir tard \u00e0 l\u2019h\u00f4tel.<\/p>\n\n\n\n<p><em><strong>Shadow and Bones<\/strong><\/em> saison 2. J\u2019avais ador\u00e9 la saison 1. Et compl\u00e8tement oubli\u00e9 que la saison 2 sortait en mars. C\u2019est l\u00e0 encore un pote qui m\u2019en a parl\u00e9. (d\u00e9cid\u00e9ment, je raterais la moiti\u00e9 des trucs sans mes potes pour me rafra\u00eechir la m\u00e9moire) J\u2019\u00e9tais du coup tout heureux. Et pourtant .. Je n\u2019ai regard\u00e9 que les deux premiers \u00e9pisodes en mars. Et \u00e7a ne sera pas mieux les mois suivants.<\/p>\n\n\n\n<p>Niveau film, j\u2019ai amen\u00e9 ma cadette voir <em><strong>Pattie et la col\u00e8re de Pos\u00e9idon<\/strong><\/em> au cin\u00e9ma. Et c\u2019\u00e9tait plut\u00f4t sympa. Elle a ador\u00e9 et j\u2019ai pass\u00e9 un bon moment.<\/p>\n\n\n\n<p><em><strong>Fast and Furious Hobbs and Shaw<\/strong><\/em> par contre ce n\u2019\u00e9tait pas vraiment tr\u00e8s bon. Mais l\u00e0 encore en fin de soir\u00e9e quand il est trop tard pour faire autre chose que regarder un truc, ce n\u2019est pas mal.<\/p>\n","protected":false},"excerpt":{"rendered":"<p>Mars. C\u2019est la fin de l\u2019hiver, le retour du printemps. Pas mal de d\u00e9placement boulot, de boulot tout court. Mais j\u2019ai eu l\u2019occasion de repasser par Rennes et Nantes. Et m\u00eame si c\u2019\u00e9tait en coup de vent, c\u2019\u00e9tait cool quand m\u00eame. Les trucs que j\u2019ai lus. Niveau lecture le mois de mars est moins fourni &hellip; <a href=\"https:\/\/j-mad.com\/blog\/2023\/05\/07\/les-trucs-de-mars-2023\/\" class=\"more-link\">Continue reading <span class=\"screen-reader-text\">Les trucs de Mars 2023<\/span><\/a><\/p>\n","protected":false},"author":1,"featured_media":0,"comment_status":"open","ping_status":"open","sticky":false,"template":"","format":"standard","meta":{"jetpack_post_was_ever_published":false,"_jetpack_newsletter_access":"","_jetpack_dont_email_post_to_subs":false,"_jetpack_newsletter_tier_id":0,"_jetpack_memberships_contains_paywalled_content":false,"_jetpack_memberships_contains_paid_content":false,"footnotes":"","jetpack_publicize_message":"","jetpack_publicize_feature_enabled":true,"jetpack_social_post_already_shared":true,"jetpack_social_options":{"image_generator_settings":{"template":"highway","default_image_id":0,"font":"","enabled":false},"version":2}},"categories":[3],"tags":[],"class_list":["post-3027","post","type-post","status-publish","format-standard","hentry","category-de-tout-et-de-rien"],"aioseo_notices":[],"jetpack_publicize_connections":[],"jetpack_featured_media_url":"","jetpack_shortlink":"https:\/\/wp.me\/p12cdp-MP","jetpack_sharing_enabled":true,"_links":{"self":[{"href":"https:\/\/j-mad.com\/blog\/wp-json\/wp\/v2\/posts\/3027","targetHints":{"allow":["GET"]}}],"collection":[{"href":"https:\/\/j-mad.com\/blog\/wp-json\/wp\/v2\/posts"}],"about":[{"href":"https:\/\/j-mad.com\/blog\/wp-json\/wp\/v2\/types\/post"}],"author":[{"embeddable":true,"href":"https:\/\/j-mad.com\/blog\/wp-json\/wp\/v2\/users\/1"}],"replies":[{"embeddable":true,"href":"https:\/\/j-mad.com\/blog\/wp-json\/wp\/v2\/comments?post=3027"}],"version-history":[{"count":1,"href":"https:\/\/j-mad.com\/blog\/wp-json\/wp\/v2\/posts\/3027\/revisions"}],"predecessor-version":[{"id":3028,"href":"https:\/\/j-mad.com\/blog\/wp-json\/wp\/v2\/posts\/3027\/revisions\/3028"}],"wp:attachment":[{"href":"https:\/\/j-mad.com\/blog\/wp-json\/wp\/v2\/media?parent=3027"}],"wp:term":[{"taxonomy":"category","embeddable":true,"href":"https:\/\/j-mad.com\/blog\/wp-json\/wp\/v2\/categories?post=3027"},{"taxonomy":"post_tag","embeddable":true,"href":"https:\/\/j-mad.com\/blog\/wp-json\/wp\/v2\/tags?post=3027"}],"curies":[{"name":"wp","href":"https:\/\/api.w.org\/{rel}","templated":true}]}}