{"id":205,"date":"2009-10-19T22:24:45","date_gmt":"2009-10-19T20:24:45","guid":{"rendered":"http:\/\/j-mad.com\/blog\/?p=205"},"modified":"2009-10-19T22:24:45","modified_gmt":"2009-10-19T20:24:45","slug":"de-linteret-des-salons","status":"publish","type":"post","link":"https:\/\/j-mad.com\/blog\/2009\/10\/19\/de-linteret-des-salons\/","title":{"rendered":"De l&#8217;int\u00e9r\u00eat des salons"},"content":{"rendered":"<p>Libertis est une des associations d&#8217;entreprise de PACA. C&#8217;est l&#8217;association des entreprises (prestataires,int\u00e9grateurs,\u00e9diteurs) qui font du libre. Bien entendu, en temps qu&#8217;entreprise, on y est adh\u00e9rent. Et j&#8217;ai m\u00eame l&#8217;honneur d&#8217;en \u00eatre, depuis 6 mois et pour encore 1 an et demi, le pr\u00e9sident.<\/p>\n<p>Depuis 3 ans,\u00a0 (ha 2007, comme tu parais loin maintenant), Libertis organise un salon, le SPLLOS, (Salon Professionnel des Logiciels Libres et de l&#8217;Open Source). Cette ann\u00e9e ce fut donc encore le cas. Cette ann\u00e9e se fut un peu sp\u00e9cial parce qu&#8217;en fait le SPLLOS eu lieu au sein d&#8217;un &#8216;meta-salon&#8217;, le TopTIC, qui rassembla plusieurs salons en un seul. (j&#8217;aime bien le terme de meta-salon tiens).<\/p>\n<p>Cette ann\u00e9e, ce fut le 12 octobre, mardi dernier donc. Et ce fut, il faut le dire une r\u00e9ussite. Je serais presque tent\u00e9 de dire, comme chaque ann\u00e9e, mais on va croire que je flagorne. Bon allez, tant pis, je le dis. (Pour la petite histoire, cette ann\u00e9e, nous avions d\u00e9cid\u00e9 de faire diff\u00e9rent, et il n&#8217;y avait pas un stand par entreprise dans l&#8217;espace SPLLOS mais un seul espace Libertis o\u00f9 se trouvait tout les membres et nous orientons les visiteurs suivant leur besoin, un stand collaboratif quoi).<\/p>\n<p>Si je parle de cela ce soir, ce n&#8217;est pas seulement pour faire conna\u00eetre Libertis et le SPLLOS (m\u00eame si, en soit, cela serait une bonne raison), c&#8217;est aussi pour parler :<br \/>\ndes raisons qu&#8217;une association peut avoir de monter un salon et celles qu&#8217;une entreprise peut avoir d&#8217;y aller.<br \/>\nDes raisons de ne pas monter un salon et de ne pas y aller<\/p>\n<h1>1\u00a0 Cot\u00e9 Blanc<\/h1>\n<h2>1.1 &#8211; Pour une association.<\/h2>\n<p>Bon alors l\u00e0 je parle plus sp\u00e9cifiquement d&#8217;une association d&#8217;entreprise, mais \u00e7a peut marcher pour tout les types d&#8217;asso.<\/p>\n<p>Une asso monte un salon pour une raison principale. Sa l\u00e9gitimit\u00e9. Pour qu&#8217;on la connaisse, qu&#8217;on sache qu&#8217;elle existe et qu&#8217;il faut la prendre en compte.<\/p>\n<p>Parce que l&#8217;air de rien, monter un salon, c&#8217;est difficile, fatiguant, long, \u00e9prouvant. C&#8217;est des heures de r\u00e9unions, des jours de coups de t\u00e9l\u00e9phones et de mails, des nuits d&#8217;angoisse.<\/p>\n<p>Et au final, y arriver, et surtout surtout si c&#8217;est un succ\u00e8s, \u00e7a prouve de sa volont\u00e9 et de sa force de travail. Ca donne de la visibilit\u00e9. Et la visibilit\u00e9 c&#8217;est du poids.<\/p>\n<p>Ca permet aussi de faire un peu de pros\u00e9lytisme et de trouver de nouveaux adh\u00e9rents. Et au final \u00e7a permet d&#8217;offrir un canal de communication \u00e0 ses membres. Et au final c&#8217;est presque le plus important (surtout pour une asso d&#8217;entreprise), offrir des opportunit\u00e9s \u00e0 ses membres.<\/p>\n<h2>1.2 Pour les entreprises<\/h2>\n<p>Il y a plein de raisons pour aller sur un salon. La premi\u00e8re, qui est une mauvaise raison, c&#8217;est de faire du business \u00e0 court terme. Parce que \u00e7a n&#8217;arrive pas souvent. Vraiment pas souvent. Parfois c&#8217;est le cas et alors c&#8217;est la cerise sur le gateau au chocolat, mais il ne vaut mieux pas compter dessus.<\/p>\n<p>Pourquoi donc perdre du temps et de l&#8217;argent sur un salon ?<\/p>\n<p>Parce qu&#8217;il y a plein d&#8217;autre raison.<\/p>\n<h3>1.2.1 La veille.<\/h3>\n<p>La premi\u00e8re faire de la veille. \u00catre exposant sur un salon, \u00e7a permet de voir tout ses concurrents, de juger de ce qu&#8217;ils font. Mais, je suis bien d&#8217;accord avec ce que vous \u00eates en train de penser, cette raison n&#8217;est pas suffisante pour y aller, surtout que cette veille, on peut la faire en temps que visiteur.<\/p>\n<h3>1.2.2 Rappeler que l&#8217;on est pas mort.<\/h3>\n<p>Ca peut para\u00eetre couillon, mais c&#8217;est comme \u00e7a. Etre sur un salon, ca permet de rappeler aux gens que l&#8217;on existe, que l&#8217;on propose des produits ou des services. Et peut-\u00eare que dans six mois quand on recontactera un des prospects que l&#8217;on a crois\u00e9, il aura besoin de nos services et il se rappellera de nous. Sans compter qu&#8217;en temps qu&#8217;exposant, on peut esp\u00e9rer \u00eatre pr\u00e9sent sur les communications\/mailing tout \u00e7a du salons.<\/p>\n<h3>1.2.3 Lancer un produit ou faire une annonce<\/h3>\n<p>Un salon est en effet l&#8217;endroit r\u00eaver pour lancer un nouveau produit ou service. (Il y aussi les bains douches mais c&#8217;est carr\u00e9ment pas le m\u00eame budget). \u00c7a permet d&#8217;avoir des retours assez important (en fonction du nombre de visiteur) et de faire un peu de buz rapidement. (Par exemple lors du SPLLOS, l&#8217;annonce de la cr\u00e9ation officielle du Groupe P\u00f4le du Libre, un regroupement de 5 entreprises qui mutualisent locaux et moyens a \u00e9t\u00e9 faite)<\/p>\n<p>Plein de raisons donc, que ce soit pour une entreprise ou une association de participer ou monter des\u00a0 salons.<\/p>\n<p>Pour autant, tout n&#8217;est pas rose, tout n&#8217;est pas si merveilleux.<\/p>\n<h1>2 Cot\u00e9 Noir<\/h1>\n<h2>2.1 Monter un salon, le supplice de tantale moderne<\/h2>\n<p>Mon titre exag\u00e8re un peu. Mais il n&#8217;en reste pas moins qu&#8217;il faut avoir les nerfs bien accroch\u00e9 et \u00eatre pr\u00eat \u00e0 ne pas compter son temps.<\/p>\n<p>Et il faut bien se rendre compte des risques. C&#8217;est quitte ou double. R\u00e9ussissez et vous gagnerez une l\u00e9gitimit\u00e9. Ratez vous, et personne ne viendra vous chercher au fond du caniveau o\u00f9 vous vous retrouverez.<\/p>\n<h2>2.2 \u00catre exposant, pourquoi pas jetez ses sous par la fen\u00eatre aussi.<\/h2>\n<p>Apr\u00e8s tout, le retour \u00e0 court terme est hasardeux. Et faire savoir que l&#8217;on existe, on peut le faire par d&#8217;autre moyen que celui l\u00e0, qui est plut\u00f4t tr\u00e8s couteux.<\/p>\n<p>Sans compter que &#8216;faire&#8217; un salon, ce n&#8217;est pas seulement passer une journ\u00e9e \u00e0 rester debout \u00e0 cot\u00e9 de son stand \u00e0 serrer des mains et boire du mauvais caf\u00e9 (je ne sais pas comment c&#8217;est possible, mais le caf\u00e9 est quasiment tout le temps mauvais sur les salons, c&#8217;est un peu comme dans les gares)<\/p>\n<p>Il faut le pr\u00e9parer le salon. Pr\u00e9parer les plaquettes, ce qui veut dire \u00e9crire les textes de celles-ci et les faire imprimer.<br \/>\nPr\u00e9parer \u00e9galement ses totems, ses cartes de visites. Pr\u00e9parer les d\u00e9mos que l&#8217;on pourra faire aux visiteurs qui seront int\u00e9ress\u00e9s, les discours qu&#8217;on leur tiendra.<\/p>\n<p>Et puis ne pas oublier de communiquer sur sa participation au salon. Pour que ses clients, ses prospects, tout le monde sache que l&#8217;on participe \u00e0 ce salon l\u00e0.<\/p>\n<p>Beaucoup de temps et d&#8217;effort donc, pour un r\u00e9sultat plus qu&#8217;incertain, \u00e0 se demander si cela vaut le coup.<\/p>\n<h1>3 Conclusion.<\/h1>\n<p>Personnellement, je suis assez partag\u00e9. Niveau Hybird, nous n&#8217;avons jusqu&#8217;\u00e0 pr\u00e9sent que fait tr\u00e8s peu de salon. En fait cela se limite quasiment au trois SPLLOS. Vous me direz rien que les SPLLOS soit 3 salons en 4 ans d&#8217;existence, c&#8217;est pas mal. C&#8217;est vrai.<\/p>\n<p>Mais je pense que c&#8217;est une d\u00e9cision qui doit se r\u00e9fl\u00e9chir, murement. Il serait cr\u00e9tin de partir du principe que les salons c&#8217;est toujours une perte de temps. Mais il serait tout aussi cr\u00e9tin (et beaucoup plus couteux) de passer son temps sur les routes \u00e0 participer \u00e0 tout les salons possibles.<\/p>\n<p>A chacun de voir midi \u00e0 sa porte donc&#8230;. \ud83d\ude42<\/p>\n","protected":false},"excerpt":{"rendered":"<p>Libertis est une des associations d&#8217;entreprise de PACA. C&#8217;est l&#8217;association des entreprises (prestataires,int\u00e9grateurs,\u00e9diteurs) qui font du libre. Bien entendu, en temps qu&#8217;entreprise, on y est adh\u00e9rent. Et j&#8217;ai m\u00eame l&#8217;honneur d&#8217;en \u00eatre, depuis 6 mois et pour encore 1 an et demi, le pr\u00e9sident. Depuis 3 ans,\u00a0 (ha 2007, comme tu parais loin maintenant), Libertis &hellip; <a href=\"https:\/\/j-mad.com\/blog\/2009\/10\/19\/de-linteret-des-salons\/\" class=\"more-link\">Continue reading <span class=\"screen-reader-text\">De l&#8217;int\u00e9r\u00eat des salons<\/span><\/a><\/p>\n","protected":false},"author":2,"featured_media":0,"comment_status":"open","ping_status":"open","sticky":false,"template":"","format":"standard","meta":{"jetpack_post_was_ever_published":false,"_jetpack_newsletter_access":"","_jetpack_dont_email_post_to_subs":false,"_jetpack_newsletter_tier_id":0,"_jetpack_memberships_contains_paywalled_content":false,"_jetpack_memberships_contains_paid_content":false,"footnotes":"","jetpack_publicize_message":"","jetpack_publicize_feature_enabled":true,"jetpack_social_post_already_shared":false,"jetpack_social_options":{"image_generator_settings":{"template":"highway","default_image_id":0,"font":"","enabled":false},"version":2}},"categories":[21],"tags":[17,22],"class_list":["post-205","post","type-post","status-publish","format-standard","hentry","category-relation-lexterieur-vous-savez-les-autres-la","tag-entreprise","tag-relations-avec-lexterieur"],"aioseo_notices":[],"jetpack_publicize_connections":[],"jetpack_featured_media_url":"","jetpack_shortlink":"https:\/\/wp.me\/p12cdp-3j","jetpack_sharing_enabled":true,"_links":{"self":[{"href":"https:\/\/j-mad.com\/blog\/wp-json\/wp\/v2\/posts\/205","targetHints":{"allow":["GET"]}}],"collection":[{"href":"https:\/\/j-mad.com\/blog\/wp-json\/wp\/v2\/posts"}],"about":[{"href":"https:\/\/j-mad.com\/blog\/wp-json\/wp\/v2\/types\/post"}],"author":[{"embeddable":true,"href":"https:\/\/j-mad.com\/blog\/wp-json\/wp\/v2\/users\/2"}],"replies":[{"embeddable":true,"href":"https:\/\/j-mad.com\/blog\/wp-json\/wp\/v2\/comments?post=205"}],"version-history":[{"count":2,"href":"https:\/\/j-mad.com\/blog\/wp-json\/wp\/v2\/posts\/205\/revisions"}],"predecessor-version":[{"id":207,"href":"https:\/\/j-mad.com\/blog\/wp-json\/wp\/v2\/posts\/205\/revisions\/207"}],"wp:attachment":[{"href":"https:\/\/j-mad.com\/blog\/wp-json\/wp\/v2\/media?parent=205"}],"wp:term":[{"taxonomy":"category","embeddable":true,"href":"https:\/\/j-mad.com\/blog\/wp-json\/wp\/v2\/categories?post=205"},{"taxonomy":"post_tag","embeddable":true,"href":"https:\/\/j-mad.com\/blog\/wp-json\/wp\/v2\/tags?post=205"}],"curies":[{"name":"wp","href":"https:\/\/api.w.org\/{rel}","templated":true}]}}