{"id":1242,"date":"2011-01-16T17:14:29","date_gmt":"2011-01-16T16:14:29","guid":{"rendered":"http:\/\/j-mad.com\/blog\/?p=1242"},"modified":"2011-01-16T21:21:00","modified_gmt":"2011-01-16T20:21:00","slug":"sudweb-enfin","status":"publish","type":"post","link":"https:\/\/j-mad.com\/blog\/2011\/01\/16\/sudweb-enfin\/","title":{"rendered":"SudWeb, enfin"},"content":{"rendered":"<p>Tout le monde connait <a href=\"http:\/\/www.paris-web.fr\/\">ParisWeb<\/a>. Depuis quelques ann\u00e9es, chaque automne, c&#8217;est la m\u00eame rengaine. Tout plein de conf\u00e9rences, qui donnent envie et qui ont l&#8217;air trop bien.<\/p>\n<p>Mais pour nous, provinciaux qui avons la chance d&#8217;habiter loin de Paris, aller \u00e0 ParisWeb, c&#8217;est bien difficile. Parce que l&#8217;\u00e9poque de l&#8217;ann\u00e9e ne s&#8217;y pr\u00eate pas forc\u00e9ment. L&#8217;automne, c&#8217;est juste apr\u00e8s l&#8217;\u00e9t\u00e9, les clients sont de retour de vacances, il faut mettre les bouch\u00e9s double. Et puis parce que c&#8217;est aussi la saison des salons et qu&#8217;on ne peut passer un mois entier \u00e0 bourlinguer de salons en conf\u00e9rences.<\/p>\n<p>ParisWeb reste donc bien souvent inaccessible, comme un mirage qui s&#8217;\u00e9loigne d\u00e8s qu&#8217;on tente de s&#8217;en approch\u00e9.<\/p>\n<p>Mais on peut voir les <a href=\"http:\/\/www.dailymotion.com\/parisweb\">vid\u00e9os des conf\u00e9rences<\/a> me r\u00e9torquerez-vous. Et c&#8217;est vrai. Mais devoir se contenter de voir les vid\u00e9os c&#8217;est&#8230;<\/p>\n<ul>\n<li>c&#8217;est un peu comme d&#8217;\u00eatre une cendrillon malchanceuse, sans marraine f\u00e9e, qui serait oblig\u00e9 de rester \u00e0 baver d&#8217;envie, le nez coll\u00e9 \u00e0 la fen\u00eatre et les pieds dans le froid, en regardant la pouffi&#8230; de fille de comte danser avec le prince qui devrait \u00eatre le sien.<\/li>\n<\/ul>\n<ul>\n<li>Ou comme se rendre compte que la superbe chemin\u00e9e qu&#8217;on a vu sur les photos du chalet qu&#8217;on a lou\u00e9 pour les vacances, \u00e9tait en fait une fausse, qui ne fait ni chaleur, ni bonne odeur de bois et que&#8230; comble du comble, vos ch\u00e2taignes grill\u00e9es post-randonn\u00e9es vous pouvez vous assoir dessus.<\/li>\n<\/ul>\n<p>Alors on avait beau se dire que nous au moins on savait que les pains aux chocolats, c&#8217;\u00e9tait des pains aux chocolats (et pas des chocolatines), que les poissons n&#8217;\u00e9taient pas toujours carr\u00e9s et recouvert de panures. On pouvait m\u00eame aller profiter de la mer le jour m\u00eame de ParisWeb,\u00a0 se moquant, pour cacher notre envie, de ceux qui passaient la journ\u00e9e dans une salle de conf\u00e9rence alors qu&#8217;on \u00e9tait en train de bronzer \u2026<\/p>\n<p>Mais \u00e7a n&#8217;aidait pas vraiment. Nous aussi, on voulait notre ParisWeb, mais un ParisWeb qui serait plus mieux, parce qu&#8217;il serait dans le Sud.<\/p>\n<p>Et ben maintenant, c&#8217;est fait, on l&#8217;a. Et on l&#8217;a gr\u00e2ce \u00e0 <a href=\"http:\/\/bballizlife.com\/blog\/\">Lo\u00efc Mathaud<\/a> qui le premier c&#8217;est dit &#8216;faut faire un SudWeb&#8217; et qui a r\u00e9unit des gens autour de lui pour faire en sorte que l&#8217;envie se transforme en r\u00e9el&#8230; Oui je sais ce type est marteau (d\u00e9sol\u00e9 Lo\u00efc, j&#8217;ai essay\u00e9 de r\u00e9sister, de ne pas le faire le jeux de mot&#8230;)<\/p>\n<p>Donc, <a href=\"http:\/\/sudweb.fr\">SudWeb<\/a>, ce sera le vendredi 27 Mai et ce sera \u00e0 N\u00eemes. Une journ\u00e9e de conf\u00e9rences\u00a0 qui parleront de\u00a0:<\/p>\n<ul>\n<li>d\u00e9veloppement<\/li>\n<li>valeurs<\/li>\n<li>m\u00e9tiers<\/li>\n<li>m\u00e9thodologie<\/li>\n<\/ul>\n<p>Le tout au soleil et avec, forc\u00e9ment, on est dans le sud, on sait recevoir, un bel ap\u00e9ro pour cl\u00f4turer le tout.<\/p>\n<p>Si vous voulez avoir plus d&#8217;info ou vous tenir au courant, pour \u00eatre sur de rien rater. Vous pouvez aller au choix\u00a0:<\/p>\n<ul>\n<li>sur le <a href=\"http:\/\/twitter.com\/sudweb\">compte twitter sudweb<\/a><\/li>\n<li>sur le <a href=\"http:\/\/sudweb.fr\">site officiel <\/a><\/li>\n<li>sur la page <a href=\"http:\/\/www.facebook.com\/SudWeb\">facebook<\/a><\/li>\n<li>et sur la page <a href=\"http:\/\/lanyrd.com\/2011\/sudweb\/\">Lanyrd<\/a><\/li>\n<\/ul>\n<p>Et si vous \u00eates tellement transport\u00e9 de joie \u00e0 l&#8217;id\u00e9e d&#8217;en \u00eatre et qu&#8217;en plus vous vous d\u00eetes que vous aimeriez bien parler d&#8217;un sujet qui vous tient \u00e0 c\u0153ur, sur lequel vous voulez \u00e9changez, partagez votre exp\u00e9rience&#8230; Et bien \u00e7a tombe bien, parce qu&#8217;il y a un <a href=\"http:\/\/bit.ly\/sudweb-2011-appel-orateurs\">appel \u00e0 orateur<\/a>. Mais d\u00e9p\u00eachez-vous parce que ledit appel sera cl\u00f4t le 7 f\u00e9vrier. Dans moins d&#8217;un mois donc. Alors ne tardez pas trop \u00e0 proposer un sujet. \u00c7a serait trop b\u00eate de vous r\u00e9veiller le 8 f\u00e9vrier en sursaut en r\u00e9alisant que vous avez oubli\u00e9 de soumettre votre sujet top cool super bien&#8230; (allez op, je vous redonne le <a href=\"http:\/\/bit.ly\/sudweb-2011-appel-orateurs\">lien pour l&#8217;appel \u00e0 orateur<\/a>, pour \u00eatre sur que vous n&#8217;allez pas oublier)<\/p>\n<p>Alors n&#8217;h\u00e9sitez plus, r\u00e9servez votre 27 Mai, entourez le de rouge sur votre calendrier, pr\u00e9venez vos clients que vous ne serez pas disponible et venez passez la journ\u00e9e avec nous. ( Moi, pour \u00eatre sur d&#8217;\u00eatre oblig\u00e9 d&#8217;y \u00eatre, j&#8217;ai trouv\u00e9 une astuce.. je participe \u00e0 l&#8217;organisation.. tactique infaillible, suis trop intelligent)<\/p>\n","protected":false},"excerpt":{"rendered":"<p>Tout le monde connait ParisWeb. Depuis quelques ann\u00e9es, chaque automne, c&#8217;est la m\u00eame rengaine. Tout plein de conf\u00e9rences, qui donnent envie et qui ont l&#8217;air trop bien. Mais pour nous, provinciaux qui avons la chance d&#8217;habiter loin de Paris, aller \u00e0 ParisWeb, c&#8217;est bien difficile. Parce que l&#8217;\u00e9poque de l&#8217;ann\u00e9e ne s&#8217;y pr\u00eate pas forc\u00e9ment. &hellip; <a href=\"https:\/\/j-mad.com\/blog\/2011\/01\/16\/sudweb-enfin\/\" class=\"more-link\">Continue reading <span class=\"screen-reader-text\">SudWeb, enfin<\/span><\/a><\/p>\n","protected":false},"author":2,"featured_media":0,"comment_status":"open","ping_status":"open","sticky":false,"template":"","format":"standard","meta":{"jetpack_post_was_ever_published":false,"_jetpack_newsletter_access":"","_jetpack_dont_email_post_to_subs":false,"_jetpack_newsletter_tier_id":0,"_jetpack_memberships_contains_paywalled_content":false,"_jetpack_memberships_contains_paid_content":false,"footnotes":"","jetpack_publicize_message":"","jetpack_publicize_feature_enabled":true,"jetpack_social_post_already_shared":false,"jetpack_social_options":{"image_generator_settings":{"template":"highway","default_image_id":0,"font":"","enabled":false},"version":2}},"categories":[3],"tags":[],"class_list":["post-1242","post","type-post","status-publish","format-standard","hentry","category-de-tout-et-de-rien"],"aioseo_notices":[],"jetpack_publicize_connections":[],"jetpack_featured_media_url":"","jetpack_shortlink":"https:\/\/wp.me\/p12cdp-k2","jetpack_sharing_enabled":true,"_links":{"self":[{"href":"https:\/\/j-mad.com\/blog\/wp-json\/wp\/v2\/posts\/1242","targetHints":{"allow":["GET"]}}],"collection":[{"href":"https:\/\/j-mad.com\/blog\/wp-json\/wp\/v2\/posts"}],"about":[{"href":"https:\/\/j-mad.com\/blog\/wp-json\/wp\/v2\/types\/post"}],"author":[{"embeddable":true,"href":"https:\/\/j-mad.com\/blog\/wp-json\/wp\/v2\/users\/2"}],"replies":[{"embeddable":true,"href":"https:\/\/j-mad.com\/blog\/wp-json\/wp\/v2\/comments?post=1242"}],"version-history":[{"count":3,"href":"https:\/\/j-mad.com\/blog\/wp-json\/wp\/v2\/posts\/1242\/revisions"}],"predecessor-version":[{"id":1247,"href":"https:\/\/j-mad.com\/blog\/wp-json\/wp\/v2\/posts\/1242\/revisions\/1247"}],"wp:attachment":[{"href":"https:\/\/j-mad.com\/blog\/wp-json\/wp\/v2\/media?parent=1242"}],"wp:term":[{"taxonomy":"category","embeddable":true,"href":"https:\/\/j-mad.com\/blog\/wp-json\/wp\/v2\/categories?post=1242"},{"taxonomy":"post_tag","embeddable":true,"href":"https:\/\/j-mad.com\/blog\/wp-json\/wp\/v2\/tags?post=1242"}],"curies":[{"name":"wp","href":"https:\/\/api.w.org\/{rel}","templated":true}]}}